{"id":9235,"date":"2020-11-13T15:34:15","date_gmt":"2020-11-13T14:34:15","guid":{"rendered":"https:\/\/www.ranumefterskole.dk\/?p=9235"},"modified":"2023-03-13T08:32:01","modified_gmt":"2023-03-13T07:32:01","slug":"besoeg-af-tv2-nord-efterskoleliv-og-imagination-week","status":"publish","type":"post","link":"https:\/\/www.ranumefterskole.dk\/en\/2020\/11\/13\/besoeg-af-tv2-nord-efterskoleliv-og-imagination-week\/","title":{"rendered":"Visit of TV2 Nord, Afterschool Life and Imagination Week"},"content":{"rendered":"\n<p><strong>K\u00e6re l\u00e6ser<\/strong><\/p>\n\n\n\n<p><\/p>\n\n\n\n<p>N\u00e5r du l\u00e6ser det her, er det blevet fredag eftermiddag. Vild Med Dans ruller over sk\u00e6rmen om et par timer, og under normale omst\u00e6ndigheder ville de elever, der skulle hjem p\u00e5 weekend, nu v\u00e6re p\u00e5 vej med efterskolebussen. Men det er langt fra normale omst\u00e6ndigheder. <a href=\"https:\/\/www.ranumefterskole.dk\/2020\/11\/06\/praesidentvalg-dansevideo-og-4-ugers-intens-efterskoleliv\/\" target=\"_blank\" rel=\"noreferrer noopener\">I sidste uge fortalte vi om, at vi i fire uger laver en bobbel, hvor eleverne bliver p\u00e5 skolen<\/a>, og nu er den f\u00f8rste veloverst\u00e5et. Mange elever er vant til at v\u00e6re p\u00e5 skolen i l\u00e6ngere tid, og for de internationale har det ikke den store betydning. Men der er ogs\u00e5 nogen, som har brug for at komme hjem og lade batterierne op, og dem tager vi os af i f\u00e6llesskab. <\/p>\n\n\n\n<p><\/p>\n\n\n\n<p>Vi rykker t\u00e6ttere sammen i bussen, som det hedder sig, og det er heldigvis noget, vi som efterskole er rigtig dygtige til og erfarne i. Vi klarer det sammen. Ligesom vi nu sammen skal videre til ugens nyheder fra efterskolelivet p\u00e5 Ranum.<\/p>\n\n\n\n<p><\/p>\n\n\n\n<p>Vi starter med et indslag i TV2 Nord og elevernes reaktioner p\u00e5 bobbellivet.<\/p>\n\n\n\n<p><\/p>\n\n\n\n<h3 class=\"wp-block-heading\">&#8220;LIVE: Eleverne bliver p\u00e5 efterskolen i fire uger&#8221;<\/h3>\n\n\n\n<p>Alles \u00f8jne har v\u00e6ret stift rettet mod de syv nedlukkede Nordjyske kommuner i denne uge, Ogs\u00e5 lidt over Atlanterhavet, men det er en anden snak. TV2 Nord sendte derfor en reporter til Ranum for at fort\u00e6lle om, hvordan vores elever havde det med at blive i de fire uger, og det bes\u00f8g sendt i en live nyhedsudsendelse. <\/p>\n\n\n\n<p><\/p>\n\n\n\n<p>De fangede Iben og Signe nede i Svederen (\u00e9t af Seminariehusets f\u00e6llesrum), som i videoen herunder fort\u00e6ller om, hvordan det er at skulle blive p\u00e5 efterskolen.<\/p>\n\n\n\n<p class=\"has-text-align-center\"><\/p>\n\n\n\n<p class=\"has-text-align-center\"><iframe loading=\"lazy\" src=\"https:\/\/cdnapisec.kaltura.com\/p\/1956931\/sp\/195693100\/embedIframeJs\/uiconf_id\/32080471\/partner_id\/1956931?iframeembed=true&amp;playerId=kaltura_player&amp;entry_id=1_jc3c7heq&amp;flashvars[streamerType]=auto\" allowfullscreen=\"\" webkitallowfullscreen=\"\" mozallowfullscreen=\"\" width=\"100%\" height=\"360\" frameborder=\"0\"><\/iframe><\/p>\n\n\n\n<p class=\"has-text-align-center\"><\/p>\n\n\n\n<p><\/p>\n\n\n\n<p>I videoen fortalte Olav ogs\u00e5, at der er givet en donation til efterskolen, som skal v\u00e6re med til at g\u00f8re efterskolelivet endnu sjovere under nedlukningen. Hver eneste gang man fort\u00e6ller det til en elev, ser de tilbage p\u00e5 en med k\u00e6mpe \u00f8jne og \u00e5ben mund. Den bliver endnu st\u00f8rre, n\u00e5r man fort\u00e6ller videre, at skolen fordobler bel\u00f8bet. Hvis du er nysgerrig, kan du h\u00f8re i videoen, hvor meget bel\u00f8bet er p\u00e5. <\/p>\n\n\n\n<p><\/p>\n\n\n\n<p>I l\u00f8bet af ugen har vi samlet forslag fra eleverne til, hvad pengene skal bruges p\u00e5. Og i blandt de mange forslag om en k\u00e6mpe fest, finder vi sammen ud af, hvordan vi bruger dem bedst. Det skal vi nok fort\u00e6lle mere om p\u00e5 et senere tidspunkt. <\/p>\n\n\n\n<p><\/p>\n\n\n\n<h3 class=\"wp-block-heading\">En gammel kending vender tilbage<\/h3>\n\n\n\n<p>Eleverne m\u00e5 ikke g\u00e5 i Brugsen for tiden, og det er selvf\u00f8lgelig et k\u00e6mpe problem. Men p\u00e5 Ranum l\u00f8ser vi problemer, s\u00e5 n\u00e5r vi ikke m\u00e5 komme i Brugsen, m\u00e5 Brugsen komme til os. Og med det udgangspunkt genopstod det, der sidste \u00e5r blev d\u00f8bt Snack Shack. Ranum Efterskole Colleges helt egen minibrugs med alle favoritterne fra snackhylderne. Giflar, ice tea, Cocio, Cokies, Pringles, nudler &#8211; der er det hele, og MobilePay er r\u00f8dgl\u00f8dende hver aften, n\u00e5r Snack Shack \u00e5bner. <\/p>\n\n\n\n<p><\/p>\n\n\n\n<figure class=\"wp-block-image size-large\"><img loading=\"lazy\" decoding=\"async\" width=\"1701\" height=\"1134\" src=\"https:\/\/www.ranumefterskole.dk\/wp-content\/uploads\/2020\/11\/NB_snack-shack.jpg\" alt=\"\" class=\"wp-image-9237\" srcset=\"https:\/\/www.ranumefterskole.dk\/wp-content\/uploads\/2020\/11\/NB_snack-shack.jpg 300w, https:\/\/www.ranumefterskole.dk\/wp-content\/uploads\/2020\/11\/NB_snack-shack.jpg 1024w, https:\/\/www.ranumefterskole.dk\/wp-content\/uploads\/2020\/11\/NB_snack-shack.jpg 768w, https:\/\/www.ranumefterskole.dk\/wp-content\/uploads\/2020\/11\/NB_snack-shack.jpg 1536w, https:\/\/www.ranumefterskole.dk\/wp-content\/uploads\/2020\/11\/NB_snack-shack.jpg 16w, https:\/\/www.ranumefterskole.dk\/wp-content\/uploads\/2020\/11\/NB_snack-shack.jpg 700w, https:\/\/www.ranumefterskole.dk\/wp-content\/uploads\/2020\/11\/NB_snack-shack.jpg 800w, https:\/\/www.ranumefterskole.dk\/wp-content\/uploads\/2020\/11\/NB_snack-shack.jpg 1701w\" sizes=\"auto, (max-width: 1701px) 100vw, 1701px\" \/><\/figure>\n\n\n\n<p><\/p>\n\n\n\n<h3 class=\"wp-block-heading\">Kager der g\u00f8r en forskel<\/h3>\n\n\n\n<p>Kager g\u00f8r altid en forskel, men de kager, vi gerne vil fort\u00e6lle om her, g\u00f8r en endnu st\u00f8rre forskel end normalt.<\/p>\n\n\n\n<p><\/p>\n\n\n\n<figure class=\"wp-block-image aligncenter size-large\"><img loading=\"lazy\" decoding=\"async\" width=\"720\" height=\"960\" src=\"https:\/\/www.ranumefterskole.dk\/wp-content\/uploads\/2020\/11\/NB_kager.jpg\" alt=\"\" class=\"wp-image-9238\" srcset=\"https:\/\/www.ranumefterskole.dk\/wp-content\/uploads\/2020\/11\/NB_kager.jpg 225w, https:\/\/www.ranumefterskole.dk\/wp-content\/uploads\/2020\/11\/NB_kager.jpg 9w, https:\/\/www.ranumefterskole.dk\/wp-content\/uploads\/2020\/11\/NB_kager.jpg 600w, https:\/\/www.ranumefterskole.dk\/wp-content\/uploads\/2020\/11\/NB_kager.jpg 700w, https:\/\/www.ranumefterskole.dk\/wp-content\/uploads\/2020\/11\/NB_kager.jpg 450w, https:\/\/www.ranumefterskole.dk\/wp-content\/uploads\/2020\/11\/NB_kager.jpg 720w\" sizes=\"auto, (max-width: 720px) 100vw, 720px\" \/><\/figure>\n\n\n\n<p><\/p>\n\n\n\n<p>Pengene, som pigerne der har lavet kagerne indsamler, g\u00e5r nemlig til HIV og AIDS ramte piger i Indien. S\u00e5 der har faktisk aldrig v\u00e6ret en bedre anledning til at spise en kage. Det var der rigtig mange b\u00e5de ansatte, for\u00e6ldre og elever, som hoppede med p\u00e5, og sidst vi h\u00f8rte fra pigerne, var de n\u00e5et op over 5.000 kr. Det er vildt flot, og det svarer faktisk til det tidobbelte for pigerne i Indien, n\u00e5r man omregner pengenes v\u00e6rdi. Send lige en s\u00f8d tanke til Nanna, Arianna og Katja &#8211; de har gjort det s\u00e5 flot.<\/p>\n\n\n\n<p><\/p>\n\n\n\n<figure class=\"wp-block-gallery has-nested-images columns-default is-cropped wp-block-gallery-1 is-layout-flex wp-block-gallery-is-layout-flex\">\n<figure class=\"wp-block-image size-large\"><img loading=\"lazy\" decoding=\"async\" width=\"960\" height=\"720\" data-id=\"9239\" src=\"https:\/\/www.ranumefterskole.dk\/wp-content\/uploads\/2020\/11\/NB_kager2.jpg\" alt=\"\" class=\"wp-image-9239\" srcset=\"https:\/\/www.ranumefterskole.dk\/wp-content\/uploads\/2020\/11\/NB_kager2.jpg 300w, https:\/\/www.ranumefterskole.dk\/wp-content\/uploads\/2020\/11\/NB_kager2.jpg 768w, https:\/\/www.ranumefterskole.dk\/wp-content\/uploads\/2020\/11\/NB_kager2.jpg 16w, https:\/\/www.ranumefterskole.dk\/wp-content\/uploads\/2020\/11\/NB_kager2.jpg 800w, https:\/\/www.ranumefterskole.dk\/wp-content\/uploads\/2020\/11\/NB_kager2.jpg 700w, https:\/\/www.ranumefterskole.dk\/wp-content\/uploads\/2020\/11\/NB_kager2.jpg 960w\" sizes=\"auto, (max-width: 960px) 100vw, 960px\" \/><\/figure>\n\n\n\n<figure class=\"wp-block-image size-large\"><img loading=\"lazy\" decoding=\"async\" width=\"960\" height=\"720\" data-id=\"9240\" src=\"https:\/\/www.ranumefterskole.dk\/wp-content\/uploads\/2020\/11\/NB_kager3.jpg\" alt=\"\" class=\"wp-image-9240\" srcset=\"https:\/\/www.ranumefterskole.dk\/wp-content\/uploads\/2020\/11\/NB_kager3.jpg 300w, https:\/\/www.ranumefterskole.dk\/wp-content\/uploads\/2020\/11\/NB_kager3.jpg 768w, https:\/\/www.ranumefterskole.dk\/wp-content\/uploads\/2020\/11\/NB_kager3.jpg 16w, https:\/\/www.ranumefterskole.dk\/wp-content\/uploads\/2020\/11\/NB_kager3.jpg 800w, https:\/\/www.ranumefterskole.dk\/wp-content\/uploads\/2020\/11\/NB_kager3.jpg 700w, https:\/\/www.ranumefterskole.dk\/wp-content\/uploads\/2020\/11\/NB_kager3.jpg 960w\" sizes=\"auto, (max-width: 960px) 100vw, 960px\" \/><\/figure>\n<\/figure>\n\n\n\n<p><\/p>\n\n\n\n<h3 class=\"wp-block-heading\">Imagination Week: &#8220;Det handler om dr\u00f8mme&#8221;<\/h3>\n\n\n\n<p>Hvert \u00e5r har vi performanceuge. Imagination Week, som vi ogs\u00e5 kalder det. Det er en uge fyldt med kreativitet, plads til at dr\u00f8mme og mulighed for at fordybe sig i de workshops og aktiviteter, der bliver lavet. Eleverne v\u00e6lger, hvad de gerne vil bruge ugen p\u00e5, og det kan for eksempel v\u00e6re julemarked, hvor der bliver bagt, kreeret juledekorationer og en masse andet, eller musik\/koncert som \u00f8ver sig p\u00e5 at spille og optr\u00e6de. Det kan ogs\u00e5 v\u00e6re film, som selvf\u00f8lgelig laver en film. Vi kommer tilbage til resten af aktiviteterne p\u00e5 et senere tidspunkt, og der kommer mere info om, hvordan vi viser jer alt det der bliver lavet i Imagination Week. Men der er i hvert fald noget at gl\u00e6de sig til b\u00e5de for jer, der l\u00e6ser med og for eleverne.<\/p>\n\n\n\n<p><\/p>\n\n\n\n<p>De seneste uger har vi forberedt os p\u00e5 Imagination week, og det har medieholdet dokumenteret &#8211; ligesom de kommer til i uge 48, n\u00e5r vi har Imagination Week. Herunder har vi samlet et par af historier.<\/p>\n\n\n\n<p><\/p>\n\n\n\n<h4 class=\"wp-block-heading\">Imagination historier<\/h4>\n\n\n\n<p><strong>Freja, Frida, Augusta, Maja, Mathilde, Camilla og Fiona<\/strong>:<\/p>\n\n\n\n<p>I l\u00f8bet af de seneste uger har vi forberedt os til imaginationugen. Ugen er en kreativ uge, hvor vi laver juledekorationer, bager, spiller koncerter og meget mere, som alt sammen samler penge ind til st\u00f8tteprojekter og andre gode form\u00e5l. I denne sammenh\u00e6ng har vi interviewet Bertil og Leonhart om, hvorfor de har valgt imaginationfaget musik. De svarede f\u00f8lgende:<\/p>\n\n\n\n<blockquote class=\"wp-block-quote is-layout-flow wp-block-quote-is-layout-flow\">\n<p>Bertil og Leonhart<\/p>\n<cite>&#8220;Alts\u00e5 vi valgte imaginationfaget musik, fordi vi elsker musik og gerne vil v\u00e6re med til at lave en fed koncert, som g\u00e5r til et godt form\u00e5l.&#8221;<\/cite><\/blockquote>\n\n\n\n<figure class=\"wp-block-image size-large\"><img loading=\"lazy\" decoding=\"async\" width=\"300\" height=\"235\" src=\"https:\/\/www.ranumefterskole.dk\/wp-content\/uploads\/2020\/11\/DSC_0131.jpg\" alt=\"\" class=\"wp-image-9245\" srcset=\"https:\/\/www.ranumefterskole.dk\/wp-content\/uploads\/2020\/11\/DSC_0131.jpg 300w, https:\/\/www.ranumefterskole.dk\/wp-content\/uploads\/2020\/11\/DSC_0131.jpg 1024w, https:\/\/www.ranumefterskole.dk\/wp-content\/uploads\/2020\/11\/DSC_0131.jpg 768w, https:\/\/www.ranumefterskole.dk\/wp-content\/uploads\/2020\/11\/DSC_0131.jpg 1536w, https:\/\/www.ranumefterskole.dk\/wp-content\/uploads\/2020\/11\/DSC_0131-scaled.jpg 2048w, https:\/\/www.ranumefterskole.dk\/wp-content\/uploads\/2020\/11\/DSC_0131.jpg 16w, https:\/\/www.ranumefterskole.dk\/wp-content\/uploads\/2020\/11\/DSC_0131.jpg 700w, https:\/\/www.ranumefterskole.dk\/wp-content\/uploads\/2020\/11\/DSC_0131.jpg 766w\" sizes=\"auto, (max-width: 300px) 100vw, 300px\" \/><\/figure>\n\n\n\n<p><br>Vi spurgte dem ogs\u00e5 om, hvad de var i gang med.<\/p>\n\n\n\n<blockquote class=\"wp-block-quote is-layout-flow wp-block-quote-is-layout-flow\">\n<p>Bertil og Leonhart<br>&#8220;Lige nu er vi igang med at diskutere hvad vi skal spille. I slutningen af imaginationugen skal vi jo fremf\u00f8re en koncert og der er meget der skal forberedes.&#8221;<\/p>\n<\/blockquote>\n\n\n\n<figure class=\"wp-block-gallery has-nested-images columns-default is-cropped wp-block-gallery-2 is-layout-flex wp-block-gallery-is-layout-flex\">\n<figure class=\"wp-block-image size-large\"><img loading=\"lazy\" decoding=\"async\" width=\"300\" height=\"227\" data-id=\"9246\" src=\"https:\/\/www.ranumefterskole.dk\/wp-content\/uploads\/2020\/11\/DSC_0087-2.jpg\" alt=\"\" class=\"wp-image-9246\" srcset=\"https:\/\/www.ranumefterskole.dk\/wp-content\/uploads\/2020\/11\/DSC_0087-2.jpg 300w, https:\/\/www.ranumefterskole.dk\/wp-content\/uploads\/2020\/11\/DSC_0087-2.jpg 1024w, https:\/\/www.ranumefterskole.dk\/wp-content\/uploads\/2020\/11\/DSC_0087-2.jpg 768w, https:\/\/www.ranumefterskole.dk\/wp-content\/uploads\/2020\/11\/DSC_0087-2.jpg 1536w, https:\/\/www.ranumefterskole.dk\/wp-content\/uploads\/2020\/11\/DSC_0087-2-scaled.jpg 2048w, https:\/\/www.ranumefterskole.dk\/wp-content\/uploads\/2020\/11\/DSC_0087-2.jpg 16w, https:\/\/www.ranumefterskole.dk\/wp-content\/uploads\/2020\/11\/DSC_0087-2.jpg 500w, https:\/\/www.ranumefterskole.dk\/wp-content\/uploads\/2020\/11\/DSC_0087-2.jpg 700w, https:\/\/www.ranumefterskole.dk\/wp-content\/uploads\/2020\/11\/DSC_0087-2.jpg 793w\" sizes=\"auto, (max-width: 300px) 100vw, 300px\" \/><\/figure>\n\n\n\n<figure class=\"wp-block-image size-large\"><img loading=\"lazy\" decoding=\"async\" width=\"300\" height=\"217\" data-id=\"9248\" src=\"https:\/\/www.ranumefterskole.dk\/wp-content\/uploads\/2020\/11\/DSC_0129.jpg\" alt=\"\" class=\"wp-image-9248\" srcset=\"https:\/\/www.ranumefterskole.dk\/wp-content\/uploads\/2020\/11\/DSC_0129.jpg 300w, https:\/\/www.ranumefterskole.dk\/wp-content\/uploads\/2020\/11\/DSC_0129.jpg 1024w, https:\/\/www.ranumefterskole.dk\/wp-content\/uploads\/2020\/11\/DSC_0129.jpg 768w, https:\/\/www.ranumefterskole.dk\/wp-content\/uploads\/2020\/11\/DSC_0129.jpg 1536w, https:\/\/www.ranumefterskole.dk\/wp-content\/uploads\/2020\/11\/DSC_0129-scaled.jpg 2048w, https:\/\/www.ranumefterskole.dk\/wp-content\/uploads\/2020\/11\/DSC_0129.jpg 16w, https:\/\/www.ranumefterskole.dk\/wp-content\/uploads\/2020\/11\/DSC_0129.jpg 700w, https:\/\/www.ranumefterskole.dk\/wp-content\/uploads\/2020\/11\/DSC_0129.jpg 800w\" sizes=\"auto, (max-width: 300px) 100vw, 300px\" \/><\/figure>\n<\/figure>\n\n\n\n<p><br>I kan se frem til et brag af en koncert med massere af fed musik og god stemning.<\/p>\n\n\n\n<p><\/p>\n\n\n\n<p><strong>Carlotta, Nico, Carl-Emil og Frederik:<\/strong><\/p>\n\n\n\n<p>The Film-Team devided into 4 groups. They are going to create different shortfilms with different themes such as Comedy, Horror, Daydream and Timepocket. We all can be exited for the results!<\/p>\n\n\n\n<figure class=\"wp-block-gallery has-nested-images columns-2 is-cropped wp-block-gallery-3 is-layout-flex wp-block-gallery-is-layout-flex\">\n<figure class=\"wp-block-image size-large\"><img loading=\"lazy\" decoding=\"async\" width=\"453\" height=\"302\" data-id=\"9241\" src=\"https:\/\/www.ranumefterskole.dk\/wp-content\/uploads\/2020\/11\/1.jpg\" alt=\"\" class=\"wp-image-9241\" srcset=\"https:\/\/www.ranumefterskole.dk\/wp-content\/uploads\/2020\/11\/1.jpg 300w, https:\/\/www.ranumefterskole.dk\/wp-content\/uploads\/2020\/11\/1.jpg 16w, https:\/\/www.ranumefterskole.dk\/wp-content\/uploads\/2020\/11\/1.jpg 453w\" sizes=\"auto, (max-width: 453px) 100vw, 453px\" \/><\/figure>\n\n\n\n<figure class=\"wp-block-image size-large\"><img loading=\"lazy\" decoding=\"async\" width=\"453\" height=\"302\" data-id=\"9242\" src=\"https:\/\/www.ranumefterskole.dk\/wp-content\/uploads\/2020\/11\/3.jpg\" alt=\"\" class=\"wp-image-9242\" srcset=\"https:\/\/www.ranumefterskole.dk\/wp-content\/uploads\/2020\/11\/3.jpg 300w, https:\/\/www.ranumefterskole.dk\/wp-content\/uploads\/2020\/11\/3.jpg 16w, https:\/\/www.ranumefterskole.dk\/wp-content\/uploads\/2020\/11\/3.jpg 453w\" sizes=\"auto, (max-width: 453px) 100vw, 453px\" \/><\/figure>\n\n\n\n<figure class=\"wp-block-image size-large\"><img loading=\"lazy\" decoding=\"async\" width=\"945\" height=\"631\" data-id=\"9243\" src=\"https:\/\/www.ranumefterskole.dk\/wp-content\/uploads\/2020\/11\/4.png\" alt=\"\" class=\"wp-image-9243\" srcset=\"https:\/\/www.ranumefterskole.dk\/wp-content\/uploads\/2020\/11\/4.png 300w, https:\/\/www.ranumefterskole.dk\/wp-content\/uploads\/2020\/11\/4.png 768w, https:\/\/www.ranumefterskole.dk\/wp-content\/uploads\/2020\/11\/4.png 16w, https:\/\/www.ranumefterskole.dk\/wp-content\/uploads\/2020\/11\/4.png 700w, https:\/\/www.ranumefterskole.dk\/wp-content\/uploads\/2020\/11\/4.png 800w, https:\/\/www.ranumefterskole.dk\/wp-content\/uploads\/2020\/11\/4.png 945w\" sizes=\"auto, (max-width: 945px) 100vw, 945px\" \/><\/figure>\n\n\n\n<figure class=\"wp-block-image size-large\"><img loading=\"lazy\" decoding=\"async\" width=\"453\" height=\"302\" data-id=\"9244\" src=\"https:\/\/www.ranumefterskole.dk\/wp-content\/uploads\/2020\/11\/5.jpg\" alt=\"\" class=\"wp-image-9244\" srcset=\"https:\/\/www.ranumefterskole.dk\/wp-content\/uploads\/2020\/11\/5.jpg 300w, https:\/\/www.ranumefterskole.dk\/wp-content\/uploads\/2020\/11\/5.jpg 16w, https:\/\/www.ranumefterskole.dk\/wp-content\/uploads\/2020\/11\/5.jpg 453w\" sizes=\"auto, (max-width: 453px) 100vw, 453px\" \/><\/figure>\n<\/figure>\n\n\n\n<p><\/p>\n\n\n\n<p><strong>Oliver og Oscar:<\/strong><\/p>\n\n\n\n<p>Vi har fulgt musik video\/podcast, hvor de laver en musik video eller en podcast, s\u00e5 det er s\u00e5dan lidt op til dem selv, hvad de har lyst til at lave, imens de \u00f8ver sig. Gutterne har i hvertfald valgt at lave <strong>forh\u00e5bentlig<\/strong> en k\u00e6mpe efterskole <strong>banger<\/strong>.<\/p>\n\n\n\n<figure class=\"wp-block-gallery has-nested-images columns-default is-cropped wp-block-gallery-4 is-layout-flex wp-block-gallery-is-layout-flex\">\n<figure class=\"wp-block-image size-large\"><img loading=\"lazy\" decoding=\"async\" width=\"300\" height=\"200\" data-id=\"9249\" src=\"https:\/\/www.ranumefterskole.dk\/wp-content\/uploads\/2020\/11\/DSC0049.jpg\" alt=\"\" class=\"wp-image-9249\" srcset=\"https:\/\/www.ranumefterskole.dk\/wp-content\/uploads\/2020\/11\/DSC0049.jpg 300w, https:\/\/www.ranumefterskole.dk\/wp-content\/uploads\/2020\/11\/DSC0049.jpg 1024w, https:\/\/www.ranumefterskole.dk\/wp-content\/uploads\/2020\/11\/DSC0049.jpg 768w, https:\/\/www.ranumefterskole.dk\/wp-content\/uploads\/2020\/11\/DSC0049.jpg 1536w, https:\/\/www.ranumefterskole.dk\/wp-content\/uploads\/2020\/11\/DSC0049-scaled.jpg 2048w, https:\/\/www.ranumefterskole.dk\/wp-content\/uploads\/2020\/11\/DSC0049.jpg 16w, https:\/\/www.ranumefterskole.dk\/wp-content\/uploads\/2020\/11\/DSC0049.jpg 700w, https:\/\/www.ranumefterskole.dk\/wp-content\/uploads\/2020\/11\/DSC0049.jpg 800w\" sizes=\"auto, (max-width: 300px) 100vw, 300px\" \/><\/figure>\n\n\n\n<figure class=\"wp-block-image size-large\"><img loading=\"lazy\" decoding=\"async\" width=\"300\" height=\"200\" data-id=\"9250\" src=\"https:\/\/www.ranumefterskole.dk\/wp-content\/uploads\/2020\/11\/DSC0112.jpg\" alt=\"\" class=\"wp-image-9250\" srcset=\"https:\/\/www.ranumefterskole.dk\/wp-content\/uploads\/2020\/11\/DSC0112.jpg 300w, https:\/\/www.ranumefterskole.dk\/wp-content\/uploads\/2020\/11\/DSC0112.jpg 1024w, https:\/\/www.ranumefterskole.dk\/wp-content\/uploads\/2020\/11\/DSC0112.jpg 768w, https:\/\/www.ranumefterskole.dk\/wp-content\/uploads\/2020\/11\/DSC0112.jpg 1536w, https:\/\/www.ranumefterskole.dk\/wp-content\/uploads\/2020\/11\/DSC0112-scaled.jpg 2048w, https:\/\/www.ranumefterskole.dk\/wp-content\/uploads\/2020\/11\/DSC0112.jpg 16w, https:\/\/www.ranumefterskole.dk\/wp-content\/uploads\/2020\/11\/DSC0112.jpg 700w, https:\/\/www.ranumefterskole.dk\/wp-content\/uploads\/2020\/11\/DSC0112.jpg 800w\" sizes=\"auto, (max-width: 300px) 100vw, 300px\" \/><\/figure>\n\n\n\n<figure class=\"wp-block-image size-large\"><img loading=\"lazy\" decoding=\"async\" width=\"300\" height=\"200\" data-id=\"9252\" src=\"https:\/\/www.ranumefterskole.dk\/wp-content\/uploads\/2020\/11\/DSC0115.jpg\" alt=\"\" class=\"wp-image-9252\" srcset=\"https:\/\/www.ranumefterskole.dk\/wp-content\/uploads\/2020\/11\/DSC0115.jpg 300w, https:\/\/www.ranumefterskole.dk\/wp-content\/uploads\/2020\/11\/DSC0115.jpg 1024w, https:\/\/www.ranumefterskole.dk\/wp-content\/uploads\/2020\/11\/DSC0115.jpg 768w, https:\/\/www.ranumefterskole.dk\/wp-content\/uploads\/2020\/11\/DSC0115.jpg 1536w, https:\/\/www.ranumefterskole.dk\/wp-content\/uploads\/2020\/11\/DSC0115-scaled.jpg 2048w, https:\/\/www.ranumefterskole.dk\/wp-content\/uploads\/2020\/11\/DSC0115.jpg 16w, https:\/\/www.ranumefterskole.dk\/wp-content\/uploads\/2020\/11\/DSC0115.jpg 700w, https:\/\/www.ranumefterskole.dk\/wp-content\/uploads\/2020\/11\/DSC0115.jpg 800w\" sizes=\"auto, (max-width: 300px) 100vw, 300px\" \/><\/figure>\n<\/figure>\n\n\n\n<p><\/p>\n\n\n\n<p>Det var en lille smagspr\u00f8ve p\u00e5 Imagination Week. Vi gl\u00e6der os til, det rigtigt g\u00e5r i gang.<\/p>\n\n\n\n<p><\/p>\n\n\n\n<h3 class=\"wp-block-heading\">Photos, Videos &amp; Articles<\/h3>\n\n\n\n<p>Efter hver periode samler vi de bedste minder, som eleverne selv har skabt. Det kan manifestere sig i billeder, videoer og artikler, som eleverne sender ind til vores egen lille konkurrence. <\/p>\n\n\n\n<p><\/p>\n\n\n\n<figure class=\"wp-block-gallery has-nested-images columns-2 is-cropped wp-block-gallery-5 is-layout-flex wp-block-gallery-is-layout-flex\">\n<figure class=\"wp-block-image size-large\"><img loading=\"lazy\" decoding=\"async\" width=\"2048\" height=\"1365\" data-id=\"9259\" src=\"https:\/\/www.ranumefterskole.dk\/wp-content\/uploads\/2020\/11\/DSC_4363.jpg\" alt=\"\" class=\"wp-image-9259\" srcset=\"https:\/\/www.ranumefterskole.dk\/wp-content\/uploads\/2020\/11\/DSC_4363.jpg 300w, https:\/\/www.ranumefterskole.dk\/wp-content\/uploads\/2020\/11\/DSC_4363.jpg 1024w, https:\/\/www.ranumefterskole.dk\/wp-content\/uploads\/2020\/11\/DSC_4363.jpg 768w, https:\/\/www.ranumefterskole.dk\/wp-content\/uploads\/2020\/11\/DSC_4363.jpg 1536w, https:\/\/www.ranumefterskole.dk\/wp-content\/uploads\/2020\/11\/DSC_4363.jpg 16w, https:\/\/www.ranumefterskole.dk\/wp-content\/uploads\/2020\/11\/DSC_4363.jpg 700w, https:\/\/www.ranumefterskole.dk\/wp-content\/uploads\/2020\/11\/DSC_4363.jpg 800w, https:\/\/www.ranumefterskole.dk\/wp-content\/uploads\/2020\/11\/DSC_4363.jpg 2048w\" sizes=\"auto, (max-width: 2048px) 100vw, 2048px\" \/><\/figure>\n\n\n\n<figure class=\"wp-block-image size-large\"><img loading=\"lazy\" decoding=\"async\" width=\"2048\" height=\"1365\" data-id=\"9260\" src=\"https:\/\/www.ranumefterskole.dk\/wp-content\/uploads\/2020\/11\/DSC_4364.jpg\" alt=\"\" class=\"wp-image-9260\" srcset=\"https:\/\/www.ranumefterskole.dk\/wp-content\/uploads\/2020\/11\/DSC_4364.jpg 300w, https:\/\/www.ranumefterskole.dk\/wp-content\/uploads\/2020\/11\/DSC_4364.jpg 1024w, https:\/\/www.ranumefterskole.dk\/wp-content\/uploads\/2020\/11\/DSC_4364.jpg 768w, https:\/\/www.ranumefterskole.dk\/wp-content\/uploads\/2020\/11\/DSC_4364.jpg 1536w, https:\/\/www.ranumefterskole.dk\/wp-content\/uploads\/2020\/11\/DSC_4364.jpg 16w, https:\/\/www.ranumefterskole.dk\/wp-content\/uploads\/2020\/11\/DSC_4364.jpg 700w, https:\/\/www.ranumefterskole.dk\/wp-content\/uploads\/2020\/11\/DSC_4364.jpg 800w, https:\/\/www.ranumefterskole.dk\/wp-content\/uploads\/2020\/11\/DSC_4364.jpg 2048w\" sizes=\"auto, (max-width: 2048px) 100vw, 2048px\" \/><\/figure>\n\n\n\n<figure class=\"wp-block-image size-large\"><img loading=\"lazy\" decoding=\"async\" width=\"1365\" height=\"2048\" data-id=\"9263\" src=\"https:\/\/www.ranumefterskole.dk\/wp-content\/uploads\/2020\/11\/DSC_4368.jpg\" alt=\"\" class=\"wp-image-9263\" srcset=\"https:\/\/www.ranumefterskole.dk\/wp-content\/uploads\/2020\/11\/DSC_4368.jpg 200w, https:\/\/www.ranumefterskole.dk\/wp-content\/uploads\/2020\/11\/DSC_4368.jpg 683w, https:\/\/www.ranumefterskole.dk\/wp-content\/uploads\/2020\/11\/DSC_4368.jpg 768w, https:\/\/www.ranumefterskole.dk\/wp-content\/uploads\/2020\/11\/DSC_4368.jpg 1024w, https:\/\/www.ranumefterskole.dk\/wp-content\/uploads\/2020\/11\/DSC_4368.jpg 8w, https:\/\/www.ranumefterskole.dk\/wp-content\/uploads\/2020\/11\/DSC_4368.jpg 700w, https:\/\/www.ranumefterskole.dk\/wp-content\/uploads\/2020\/11\/DSC_4368.jpg 400w, https:\/\/www.ranumefterskole.dk\/wp-content\/uploads\/2020\/11\/DSC_4368.jpg 1365w\" sizes=\"auto, (max-width: 1365px) 100vw, 1365px\" \/><\/figure>\n\n\n\n<figure class=\"wp-block-image size-large\"><img loading=\"lazy\" decoding=\"async\" width=\"2048\" height=\"1365\" data-id=\"9265\" src=\"https:\/\/www.ranumefterskole.dk\/wp-content\/uploads\/2020\/11\/DSC_4377.jpg\" alt=\"\" class=\"wp-image-9265\" srcset=\"https:\/\/www.ranumefterskole.dk\/wp-content\/uploads\/2020\/11\/DSC_4377.jpg 300w, https:\/\/www.ranumefterskole.dk\/wp-content\/uploads\/2020\/11\/DSC_4377.jpg 1024w, https:\/\/www.ranumefterskole.dk\/wp-content\/uploads\/2020\/11\/DSC_4377.jpg 768w, https:\/\/www.ranumefterskole.dk\/wp-content\/uploads\/2020\/11\/DSC_4377.jpg 1536w, https:\/\/www.ranumefterskole.dk\/wp-content\/uploads\/2020\/11\/DSC_4377.jpg 16w, https:\/\/www.ranumefterskole.dk\/wp-content\/uploads\/2020\/11\/DSC_4377.jpg 700w, https:\/\/www.ranumefterskole.dk\/wp-content\/uploads\/2020\/11\/DSC_4377.jpg 800w, https:\/\/www.ranumefterskole.dk\/wp-content\/uploads\/2020\/11\/DSC_4377.jpg 2048w\" sizes=\"auto, (max-width: 2048px) 100vw, 2048px\" \/><\/figure>\n<\/figure>\n\n\n\n<p><\/p>\n\n\n\n<p>Fredag blev PVA konkurrencen afgjort, og pr\u00e6mierne blev uddelt. Herunder kan du se vinderne.<\/p>\n\n\n\n<p><\/p>\n\n\n\n<p><strong>Best of the best<\/strong>: Marcus Melau &#8211; THE RADIO CALL &#8211; Video og 3 billeder &#8211; Sailing in R\u00f8nbjerg<\/p>\n\n\n\n<p><\/p>\n\n\n\n<p><strong>Fotovinder<\/strong>: Karoline Laursen &#8211; P1 Myths and Legends<\/p>\n\n\n\n<p><\/p>\n\n\n\n<p><strong>Videovinder<\/strong>: Emma Christensen &#8211; P1 Surf &#8211; &#8220;En uge i Klitm\u00f8ller&#8221;<\/p>\n\n\n\n<p><\/p>\n\n\n\n<p><strong>Artikelvinder<\/strong>: Ida Marie Holm J\u00f8rgensen \u201cEn Verden af fri fantasi og graffitid\u00e5ser Aalborg\u201d<\/p>\n\n\n\n<p><\/p>\n\n\n\n<p>Se billederne, videoerne og artiklerne i Facebookgruppen her: <strong><a href=\"https:\/\/www.facebook.com\/groups\/1435278726708425\" target=\"_blank\" rel=\"noreferrer noopener\">Photo, Video &amp; Article Competition &#8211; Ranum Efterskole College<\/a><\/strong><\/p>\n\n\n\n<p><\/p>\n\n\n\n<h3 class=\"wp-block-heading\">Stakkevis af pakker<\/h3>\n\n\n\n<p>En sidste lille historie.<\/p>\n\n\n\n<p>Vi har aldrig oplevet, at postrummet har v\u00e6ret s\u00e5 fyldt op, som det har v\u00e6ret i denne uge. Det er str\u00f8mmet ind med pakker, og det er selvf\u00f8lgelig fra alle de s\u00f8de for\u00e6ldre, som sender yndlingssnacks og sm\u00e5 hyggeting. Der lyder h\u00f8je jubelr\u00e5b efter aftensmaden, n\u00e5r bordformanden henter pakker til kontaktgruppen, og det er r\u00f8rende at se, hvor meget det faktisk betyder at f\u00e5 en pakke og en hilsen hjemmefra. S\u00e5 bliv endelig ved, hvis I sidder derude og overvejer det.<\/p>\n\n\n\n<p><\/p>\n\n\n\n<figure class=\"wp-block-gallery aligncenter has-nested-images columns-default is-cropped wp-block-gallery-6 is-layout-flex wp-block-gallery-is-layout-flex\">\n<figure class=\"wp-block-image size-large\"><img loading=\"lazy\" decoding=\"async\" width=\"300\" height=\"225\" data-id=\"9257\" src=\"https:\/\/www.ranumefterskole.dk\/wp-content\/uploads\/2020\/11\/IMG_20201110_150211-1.jpg\" alt=\"\" class=\"wp-image-9257\" srcset=\"https:\/\/www.ranumefterskole.dk\/wp-content\/uploads\/2020\/11\/IMG_20201110_150211-1.jpg 300w, https:\/\/www.ranumefterskole.dk\/wp-content\/uploads\/2020\/11\/IMG_20201110_150211-1.jpg 1024w, https:\/\/www.ranumefterskole.dk\/wp-content\/uploads\/2020\/11\/IMG_20201110_150211-1.jpg 768w, https:\/\/www.ranumefterskole.dk\/wp-content\/uploads\/2020\/11\/IMG_20201110_150211-1.jpg 1536w, https:\/\/www.ranumefterskole.dk\/wp-content\/uploads\/2020\/11\/IMG_20201110_150211-1-scaled.jpg 2048w, https:\/\/www.ranumefterskole.dk\/wp-content\/uploads\/2020\/11\/IMG_20201110_150211-1.jpg 16w, https:\/\/www.ranumefterskole.dk\/wp-content\/uploads\/2020\/11\/IMG_20201110_150211-1.jpg 800w, https:\/\/www.ranumefterskole.dk\/wp-content\/uploads\/2020\/11\/IMG_20201110_150211-1.jpg 700w\" sizes=\"auto, (max-width: 300px) 100vw, 300px\" \/><\/figure>\n<\/figure>\n\n\n\n<p><\/p>\n\n\n\n<p>Tillykke til alle de heldige vindere og til os alle sammen for at f\u00f8lge med i de mange gode historier.<\/p>\n\n\n\n<p><strong>Weekenden er allerede startet<\/strong>, og den er fyldt med julehygge. S\u00e5 hvis du er \u00e9n af dem, der fors\u00f8ger at undg\u00e5 &#8220;All I want for christmas&#8221;, skal du nok ikke f\u00f8lge med p\u00e5 Instagram i weekenden. Vi synes til geng\u00e6ld slet ikke, det er for tidligt. Vi skal have gang i julestemningen, og den kickstarter vi med juleh\u00f8vdingebold, vi pynter op i husene, har klippe-klistre hygge og er julefilm.<\/p>\n\n\n\n<p>Der bliver ogs\u00e5 mulighed for at lave sleepovers i familiegrupperne, og det er der med garanti flere elever, der gl\u00e6der sig til.<\/p>\n\n\n\n<p><\/p>\n\n\n\n<p><strong>I n\u00e6ste uge er der IBO<\/strong>, og det betyder, at 10. klasserne skal have kontakt med forskellige firmaer og samarbejde om et verdensm\u00e5l. Og s\u00e5 er der selvf\u00f8lgelig ogs\u00e5 for\u00e6ldresamtaler, som kontaktgruppel\u00e6rerne aftaler med for\u00e6ldrene. Derudover skruer vi op for aktiviteterne, og der planl\u00e6gges en masse fede aftenaktiviteter. Nogle taler om at leje hele feriecenteret i R\u00f8nbjerg, andre om bowling- og biografture, s\u00e5 efterskolelivet bliver helt fantastisk at f\u00f8lge den kommende tid.<\/p>\n\n\n\n<p><\/p>\n\n\n\n<h3 class=\"has-text-align-center wp-block-heading\">Rigtig god weekend fra alle os p\u00e5<\/h3>\n\n\n\n<h4 class=\"has-text-align-center wp-block-heading\">Ranum Efterskole College<\/h4>\n","protected":false},"excerpt":{"rendered":"<p>Dear Reader By the time you read this, it will be Friday afternoon. Vild Med Dans will be rolling across the screen in a few hours, and under normal circumstances the students who were going home for the weekend would now be on their way with the efterskolebus. But it's far from...<\/p>","protected":false},"author":9,"featured_media":9262,"comment_status":"open","ping_status":"closed","sticky":false,"template":"","format":"standard","meta":{"wds_primary_category":0,"footnotes":""},"categories":[30],"tags":[],"class_list":["post-9235","post","type-post","status-publish","format-standard","has-post-thumbnail","hentry","category-ranum-news"],"_links":{"self":[{"href":"https:\/\/www.ranumefterskole.dk\/en\/wp-json\/wp\/v2\/posts\/9235","targetHints":{"allow":["GET"]}}],"collection":[{"href":"https:\/\/www.ranumefterskole.dk\/en\/wp-json\/wp\/v2\/posts"}],"about":[{"href":"https:\/\/www.ranumefterskole.dk\/en\/wp-json\/wp\/v2\/types\/post"}],"author":[{"embeddable":true,"href":"https:\/\/www.ranumefterskole.dk\/en\/wp-json\/wp\/v2\/users\/9"}],"replies":[{"embeddable":true,"href":"https:\/\/www.ranumefterskole.dk\/en\/wp-json\/wp\/v2\/comments?post=9235"}],"version-history":[{"count":0,"href":"https:\/\/www.ranumefterskole.dk\/en\/wp-json\/wp\/v2\/posts\/9235\/revisions"}],"wp:featuredmedia":[{"embeddable":true,"href":"https:\/\/www.ranumefterskole.dk\/en\/wp-json\/wp\/v2\/media\/9262"}],"wp:attachment":[{"href":"https:\/\/www.ranumefterskole.dk\/en\/wp-json\/wp\/v2\/media?parent=9235"}],"wp:term":[{"taxonomy":"category","embeddable":true,"href":"https:\/\/www.ranumefterskole.dk\/en\/wp-json\/wp\/v2\/categories?post=9235"},{"taxonomy":"post_tag","embeddable":true,"href":"https:\/\/www.ranumefterskole.dk\/en\/wp-json\/wp\/v2\/tags?post=9235"}],"curies":[{"name":"wp","href":"https:\/\/api.w.org\/{rel}","templated":true}]}}