{"id":7808,"date":"2020-04-24T14:02:22","date_gmt":"2020-04-24T12:02:22","guid":{"rendered":"https:\/\/www.ranumefterskole.dk\/?p=7808"},"modified":"2020-04-24T14:06:01","modified_gmt":"2020-04-24T12:06:01","slug":"7808","status":"publish","type":"post","link":"https:\/\/www.ranumefterskole.dk\/en\/2020\/04\/24\/7808\/","title":{"rendered":"Liver cake, Green fingers and corona tanks"},"content":{"rendered":"\n<p><strong>K\u00e6re l\u00e6ser<\/strong><\/p>\n\n\n\n<p>Nu er det seks uger siden, eleverne rejste hjem, og den nye hverdag for elever, for\u00e6ldre, l\u00e6rere og alle andre ansatte p\u00e5 Ranum har indfundet sig. Det er ikke med vores gode vilje, at de nye rutiner vinder terr\u00e6n, men det er til geng\u00e6ld n\u00f8dvendigt for at komme videre.<\/p>\n\n\n\n<p>Vi snakker s\u00e5 rigeligt om corona i hverdagen, s\u00e5 herfra handler nyhedsbrevet om alt andet end det. N\u00e6sten i hvert fald. Lad os kaste et blik over ugens historier.<\/p>\n\n\n\n<p><strong>F\u00f8rst: Et stort Huraaa(num)!<\/strong><\/p>\n\n\n\n<p><\/p>\n\n\n\n<h3 class=\"wp-block-heading\">Efterskoleteenageren fylder 16 \u00e5r<\/h3>\n\n\n\n<p>Ranum er en teenager i efterskoleverdenen, men efter 16 \u00e5r med fokus p\u00e5 v\u00e6rdier som mangfoldighed og f\u00e6llesskab, s\u00e5 <strong>ved man alligevel noget<\/strong> om at v\u00e6re en efterskole.<\/p>\n\n\n\n<p>I 2004 startede 86 sp\u00e6ndte og modige elever, sammen med en gruppe l\u00e6rer, der var mindst liges\u00e5 sp\u00e6ndte. Der er faktisk nogle l\u00e6rere, som stadig er her. Allerede dengang var visionen om natursport og imagination en stor del af DNA&#8217;et, og dr\u00f8mmen og rejser ud i verden blev hurtigt en realitet. Alle boede i K\u00e6rhuset, og det var der, det hele startede, med et spadestik mellem de to bygninger, som blev forenet af et stort glasparti. Ranum Efterskole blev f\u00f8dt.<\/p>\n\n\n\n<p>Den dag fejrede vi i g\u00e5r, hvor de ansatte, der arbejder p\u00e5 forskellige projekter p\u00e5 skolen, samledes om en kage i selskab med et par bevingede ord. <\/p>\n\n\n\n<p>Den smukke Livstr\u00e6skage var bagt af Tanja, som er skolens konditor og bager, og inden vi gik om bord i den, fik vi taget et par billeder, som du kan se her.<\/p>\n\n\n\n<p><\/p>\n\n\n\n<div class=\"wp-block-image\"><figure class=\"aligncenter size-large\"><img loading=\"lazy\" decoding=\"async\" width=\"600\" height=\"400\" src=\"https:\/\/www.ranumefterskole.dk\/wp-content\/uploads\/2020\/04\/NB_livstr\u00e6kage_1-1.jpg\" alt=\"\" class=\"wp-image-7811\" srcset=\"https:\/\/www.ranumefterskole.dk\/wp-content\/uploads\/2020\/04\/NB_livstr\u00e6kage_1-1.jpg 300w, https:\/\/www.ranumefterskole.dk\/wp-content\/uploads\/2020\/04\/NB_livstr\u00e6kage_1-1.jpg 600w\" sizes=\"auto, (max-width: 600px) 100vw, 600px\" \/><\/figure><\/div>\n\n\n\n<p><\/p>\n\n\n\n<p>Det er i \u00f8vrigt pudsigt, at mange af vores nuv\u00e6rende elever er liges\u00e5 gamle som efterskolen. Og ligesom eleverne er efterskolen ogs\u00e5 i udvikling og udforsker nye sider af sig selv.<\/p>\n\n\n\n<p><\/p>\n\n\n\n<h3 class=\"wp-block-heading\">Projekt Green fingers<\/h3>\n\n\n\n<p>Et af de steder, der bliver arbejdet igennem for tiden, er i haven ved Ranumhus. Her har Projekt Green Fingers virkelig f\u00e5et gang i at pl\u00f8je jorden, lave nye bure til dyrene og ordnet drivhuset. Det bliver et mekka af gode, b\u00e6redygtige produkter, n\u00e5r det hele springer ud.<\/p>\n\n\n\n<p><\/p>\n\n\n\n<div class=\"wp-block-image\"><figure class=\"aligncenter size-large\"><img loading=\"lazy\" decoding=\"async\" width=\"600\" height=\"400\" src=\"https:\/\/www.ranumefterskole.dk\/wp-content\/uploads\/2020\/04\/NB_green-fingers-1.jpg\" alt=\"\" class=\"wp-image-7813\" srcset=\"https:\/\/www.ranumefterskole.dk\/wp-content\/uploads\/2020\/04\/NB_green-fingers-1.jpg 300w, https:\/\/www.ranumefterskole.dk\/wp-content\/uploads\/2020\/04\/NB_green-fingers-1.jpg 600w\" sizes=\"auto, (max-width: 600px) 100vw, 600px\" \/><\/figure><\/div>\n\n\n\n<p><\/p>\n\n\n\n<p>F\u00f8lg med i projektet p\u00e5 Facebook her: <a href=\"https:\/\/www.facebook.com\/GreenfingersREC\/\" target=\"_blank\" rel=\"noreferrer noopener\">Projekt Green Fingers<\/a><\/p>\n\n\n\n<h3 class=\"wp-block-heading\">Resultater af Namibia arbejde<\/h3>\n\n\n\n<p>Tidligere p\u00e5 ugen delte vores samarbejdspartner <a rel=\"noreferrer noopener\" href=\"https:\/\/www.facebook.com\/naankuse\/?__cft__[0]=AZXWlEMaJIsS2WmeAcz0aSn7qdTD2d4fnB7EvAwFxbqHxo-qrCfMgqMmTTOf2tyP2S_G3mh3nNgmDscznHqHpNIBxujwNrSB3VyKZq2RsqO9bLYdx-q_MNVbLVEd_-JvqUCnwoiQC0jcDIUxz1fluUfJJxA_GANhFB6GdevaIaW_Ww&amp;__tn__=-UC%2CP-R\" target=\"_blank\">N\/a\u2019an ku s\u00ea <\/a>en video, hvor man kunne se resultatet af det arbejde, Namibia-holdet gjorde p\u00e5 kulturfagsrejsen i januar. Der er kommet godt gang i, og beskeden derfra l\u00f8d: &#8220;Max\u2019s mega troop has moved into a massive new camp. Decked out with play frames to delight any primate, our cheeky chacmas are loving life. Thank you <a href=\"https:\/\/www.facebook.com\/ranumefterskole\/?__cft__[0]=AZXWlEMaJIsS2WmeAcz0aSn7qdTD2d4fnB7EvAwFxbqHxo-qrCfMgqMmTTOf2tyP2S_G3mh3nNgmDscznHqHpNIBxujwNrSB3VyKZq2RsqO9bLYdx-q_MNVbLVEd_-JvqUCnwoiQC0jcDIUxz1fluUfJJxA_GANhFB6GdevaIaW_Ww&amp;__tn__=kK-R\"><strong>Ranum Efterskole College<\/strong><\/a> for your construction efforts.&#8221;<\/p>\n\n\n\n<p><\/p>\n\n\n\n<p><iframe loading=\"lazy\" src=\"https:\/\/www.facebook.com\/plugins\/post.php?href=https%3A%2F%2Fwww.facebook.com%2FRE.wildlife.conservation%2Fposts%2F2878255512240937&amp;show_text=true&amp;width=552&amp;height=520&amp;appId\" width=\"552\" height=\"520\" style=\"border:none;overflow:hidden\" scrolling=\"no\" frameborder=\"0\" allowtransparency=\"true\" allow=\"encrypted-media\"><\/iframe><\/p>\n\n\n\n<p><\/p>\n\n\n\n<h3 class=\"wp-block-heading\">Hvad kan man lave derhjemme?<\/h3>\n\n\n\n<p>Her kommer en historie, som m\u00e5ske alligevel handler lidt om corona. I samfundsfag har de nemlig lavet en video med forslag til, hvad man kan lave, n\u00e5r man er hjemme. Der er nogle sjove bud, s\u00e5 se med herunder.<\/p>\n\n\n\n<p><\/p>\n\n\n\n<figure class=\"wp-block-video\"><video height=\"720\" style=\"aspect-ratio: 1280 \/ 720;\" width=\"1280\" controls src=\"https:\/\/www.ranumefterskole.dk\/wp-content\/uploads\/2020\/04\/ibs-vid.mp4\"><\/video><\/figure>\n\n\n\n<p><\/p>\n\n\n\n<h3 class=\"wp-block-heading\">Tanker om corona<\/h3>\n\n\n\n<p>Der g\u00e5r rigtig mange tanker igennem hovedet p\u00e5 vores elever, og det kan v\u00e6re sv\u00e6rt at forholde sig til, hvad der sker. L\u00e6s her, hvordan to elever oplever hjemmekarant\u00e6nen.<\/p>\n\n\n\n<p><a href=\"\/wp-content\/uploads\/2020\/04\/Det-bedste-a\u030ar-i-vores-liv-Liva-Hagelquist.pdf\">Det bedste \u00e5r i vores liv &#8211; Liva<\/a><\/p>\n\n\n\n<p><a href=\"\/wp-content\/uploads\/2020\/04\/Mine-efterskoletanker.docx\">Mine-efterskoletanker &#8211; Marie<\/a><\/p>\n\n\n\n<p><\/p>\n\n\n\n<p>Det var historierne for denne uge. Hold modet oppe &#8211; endnu engang.<\/p>\n\n\n\n<p><\/p>\n\n\n\n<h3 class=\"wp-block-heading\">Rigtig god weekend<\/h3>\n\n\n\n<h4 class=\"wp-block-heading\">Fra alle os p\u00e5<\/h4>\n\n\n\n<h4 class=\"wp-block-heading\">Ranum Efterskole College<\/h4>\n\n\n\n<p><\/p>\n","protected":false},"excerpt":{"rendered":"<p>Dear reader It is now six weeks since the students left for home and the new everyday life for students, parents, teachers and all other staff at Ranum has settled in. It is not with our good will that the new routines are gaining ground, but it is to...<\/p>","protected":false},"author":9,"featured_media":7809,"comment_status":"open","ping_status":"closed","sticky":false,"template":"","format":"standard","meta":{"wds_primary_category":0,"footnotes":""},"categories":[30],"tags":[],"class_list":["post-7808","post","type-post","status-publish","format-standard","has-post-thumbnail","hentry","category-ranum-news"],"_links":{"self":[{"href":"https:\/\/www.ranumefterskole.dk\/en\/wp-json\/wp\/v2\/posts\/7808","targetHints":{"allow":["GET"]}}],"collection":[{"href":"https:\/\/www.ranumefterskole.dk\/en\/wp-json\/wp\/v2\/posts"}],"about":[{"href":"https:\/\/www.ranumefterskole.dk\/en\/wp-json\/wp\/v2\/types\/post"}],"author":[{"embeddable":true,"href":"https:\/\/www.ranumefterskole.dk\/en\/wp-json\/wp\/v2\/users\/9"}],"replies":[{"embeddable":true,"href":"https:\/\/www.ranumefterskole.dk\/en\/wp-json\/wp\/v2\/comments?post=7808"}],"version-history":[{"count":0,"href":"https:\/\/www.ranumefterskole.dk\/en\/wp-json\/wp\/v2\/posts\/7808\/revisions"}],"wp:featuredmedia":[{"embeddable":true,"href":"https:\/\/www.ranumefterskole.dk\/en\/wp-json\/wp\/v2\/media\/7809"}],"wp:attachment":[{"href":"https:\/\/www.ranumefterskole.dk\/en\/wp-json\/wp\/v2\/media?parent=7808"}],"wp:term":[{"taxonomy":"category","embeddable":true,"href":"https:\/\/www.ranumefterskole.dk\/en\/wp-json\/wp\/v2\/categories?post=7808"},{"taxonomy":"post_tag","embeddable":true,"href":"https:\/\/www.ranumefterskole.dk\/en\/wp-json\/wp\/v2\/tags?post=7808"}],"curies":[{"name":"wp","href":"https:\/\/api.w.org\/{rel}","templated":true}]}}