{"id":3688,"date":"2018-12-06T10:50:29","date_gmt":"2018-12-06T10:50:29","guid":{"rendered":"http:\/\/1084-nyhed-7-12-18"},"modified":"2023-06-02T11:36:20","modified_gmt":"2023-06-02T09:36:20","slug":"1084-nyhed-7-12-18","status":"publish","type":"post","link":"https:\/\/www.ranumefterskole.dk\/en\/2018\/12\/06\/1084-nyhed-7-12-18\/","title":{"rendered":"A lot of Christmas cheer and the first PVA Award of the year"},"content":{"rendered":"\n<p><strong>K\u00e6re l\u00e6ser<br><\/strong>Vi fik startet vores december p\u00e5 bedste man\u00e9r her p\u00e5 Ranum; i selskab med familier og bes\u00f8gende holdt vi nemlig \u00e5rets julemarked, kultur- og familiedag d. 1.december. Oven p\u00e5 en weekend med fuld fart p\u00e5, har vi haft en stille og rolig uge med helt almindelig undervisning, hvilket efterh\u00e5nden er ved at v\u00e6re 3 uger siden sidste. F\u00f8rst havde vi projektarbejde, s\u00e5 var der brobygning og sidst performanceuge, men nu er vi igen i gang med matematik, fransk, fysik, kulturfag og engelsk. Selvom vi er tilbage til den normale undervisning, har vi dog ogs\u00e5 haft tid til nogle underholdende indslag i ugens l\u00f8b.<\/p>\n\n\n\n<p><strong>Julemarked, kultur- og familiedag<br><\/strong>L\u00f8rdag var en helt fantastisk dag her p\u00e5 Ranum. Vi havde huset fuld af juleglade familier og bes\u00f8gende. Julemarkedet gik rigtig godt og vi fik samlet donationer ind til vores kommende kulturfagsrejser &#8211; tusind tak! Mens der blev handlet p\u00e5 julemarkedet, blev der fortalt mere om kulturfagene rundt omkring i klasselokalerne og p\u00e5 scenen i f\u00e6llessalen blev der grinet med da vores skuespillere, dansere og musikere v\u00e6kkede teaterstykket &#8216;Search for a Star&#8217; til live.<\/p>\n\n\n\n<p><iframe loading=\"lazy\" style=\"overflow: hidden; display: block; margin-left: auto; margin-right: auto;\" src=\"https:\/\/www.facebook.com\/plugins\/post.php?href=https%3A%2F%2Fwww.facebook.com%2Franumefterskole%2Fposts%2F2177904918911114&amp;width=500&amp;show_text=true&amp;height=785&amp;appId\" scrolling=\"no\" width=\"500\" height=\"785\" frameborder=\"0\"><\/iframe><\/p>\n\n\n\n<p><strong>PVA Award<br><\/strong>Da vi var afsted p\u00e5 vores f\u00f8rste profilfagsrejser, blev der taget billeder, der blev lavet videoer og der blev skrevet artikler. N\u00e5r der s\u00e5 er g\u00e5et et stykke tid og eleverne har f\u00e5et rejserne lidt p\u00e5 afstand og kommet tilbage til hverdagen kan de s\u00e6tte sig p\u00e5 v\u00e6relset med vennerne eller i stuen hjemme hos familien og se tilbage p\u00e5 den helt ubeskrivelig rejse de havde sammen med nye venner. Her p\u00e5 Ranum s\u00e6tter vi pris p\u00e5 at kunne se tilbage p\u00e5 disse minder gennem et godt billede, video eller artikel og derfor har vi selvf\u00f8lgelig haft gang i vores f\u00f8rste af tre PVA Awards. Eleverne har selv indsendt deres bedste bidrag, hvorefter Ranum&#8217;s helt eget dommerpanel har set det hele igennem og fundet de billeder, den video og den artikel, som bare lige havde det ekstra. Vinderne g\u00e5r dog ikke kun hjem med \u00e6ren. Hver vinder f\u00e5r nemlig en pr\u00e6mie p\u00e5 500 kr. hver, mens vinderen af &#8216;Det bedste af det bedste&#8217; modtager et GoPro Kamera, som kan komme med p\u00e5 vores n\u00e6ste rejse i januar.<\/p>\n\n\n\n<p class=\"has-text-align-center\"><strong><span style=\"font-size: 12pt;\">De tre bedste billeder<\/span> <\/strong><br>De tre bedste billeder blev taget af Johanne Viker, som var i \u00c6gypten med dykning. Stort tillykke!<\/p>\n\n\n\n<figure class=\"wp-block-image size-full\"><img loading=\"lazy\" decoding=\"async\" width=\"700\" height=\"525\" src=\"https:\/\/www.ranumefterskole.dk\/wp-content\/uploads\/2023\/06\/DSCN2721.webp\" alt=\"\" class=\"wp-image-37759\" srcset=\"https:\/\/www.ranumefterskole.dk\/wp-content\/uploads\/2023\/06\/DSCN2721.webp 700w, https:\/\/www.ranumefterskole.dk\/wp-content\/uploads\/2023\/06\/DSCN2721-300x225.webp 300w, https:\/\/www.ranumefterskole.dk\/wp-content\/uploads\/2023\/06\/DSCN2721-16x12.webp 16w\" sizes=\"auto, (max-width: 700px) 100vw, 700px\" \/><\/figure>\n\n\n\n<p class=\"has-text-align-center\"><\/p>\n\n\n\n<figure class=\"wp-block-image size-full\"><img loading=\"lazy\" decoding=\"async\" width=\"700\" height=\"525\" src=\"https:\/\/www.ranumefterskole.dk\/wp-content\/uploads\/2023\/06\/DSCN2746.webp\" alt=\"\" class=\"wp-image-37761\" srcset=\"https:\/\/www.ranumefterskole.dk\/wp-content\/uploads\/2023\/06\/DSCN2746.webp 700w, https:\/\/www.ranumefterskole.dk\/wp-content\/uploads\/2023\/06\/DSCN2746-300x225.webp 300w, https:\/\/www.ranumefterskole.dk\/wp-content\/uploads\/2023\/06\/DSCN2746-16x12.webp 16w\" sizes=\"auto, (max-width: 700px) 100vw, 700px\" \/><\/figure>\n\n\n\n<p class=\"has-text-align-center\"><\/p>\n\n\n\n<figure class=\"wp-block-image size-full\"><img loading=\"lazy\" decoding=\"async\" width=\"700\" height=\"525\" src=\"https:\/\/www.ranumefterskole.dk\/wp-content\/uploads\/2023\/06\/DSCN2768.webp\" alt=\"\" class=\"wp-image-37762\" srcset=\"https:\/\/www.ranumefterskole.dk\/wp-content\/uploads\/2023\/06\/DSCN2768.webp 700w, https:\/\/www.ranumefterskole.dk\/wp-content\/uploads\/2023\/06\/DSCN2768-300x225.webp 300w, https:\/\/www.ranumefterskole.dk\/wp-content\/uploads\/2023\/06\/DSCN2768-16x12.webp 16w\" sizes=\"auto, (max-width: 700px) 100vw, 700px\" \/><\/figure>\n\n\n\n<p class=\"has-text-align-center\"><\/p>\n\n\n\n<p class=\"has-text-align-center\"><span style=\"font-size: 12pt;\"><strong>Det bedste billede<\/strong><\/span><br>Det bedste billede blev taget af Steffani S\u00f8rensen, som var p\u00e5 profilfagsrejse i Spanien med Surf. Stort tillykke!<\/p>\n\n\n\n<figure class=\"wp-block-image size-large\"><img loading=\"lazy\" decoding=\"async\" width=\"1024\" height=\"682\" src=\"https:\/\/www.ranumefterskole.dk\/wp-content\/uploads\/2023\/06\/Naturogmennesker_steffani_soerensen_morningsurf_Surf_Spain-1024x682.webp\" alt=\"\" class=\"wp-image-37763\" srcset=\"https:\/\/www.ranumefterskole.dk\/wp-content\/uploads\/2023\/06\/Naturogmennesker_steffani_soerensen_morningsurf_Surf_Spain-1024x682.webp 1024w, https:\/\/www.ranumefterskole.dk\/wp-content\/uploads\/2023\/06\/Naturogmennesker_steffani_soerensen_morningsurf_Surf_Spain-300x200.webp 300w, https:\/\/www.ranumefterskole.dk\/wp-content\/uploads\/2023\/06\/Naturogmennesker_steffani_soerensen_morningsurf_Surf_Spain-768x512.webp 768w, https:\/\/www.ranumefterskole.dk\/wp-content\/uploads\/2023\/06\/Naturogmennesker_steffani_soerensen_morningsurf_Surf_Spain-18x12.webp 18w, https:\/\/www.ranumefterskole.dk\/wp-content\/uploads\/2023\/06\/Naturogmennesker_steffani_soerensen_morningsurf_Surf_Spain-700x466.webp 700w, https:\/\/www.ranumefterskole.dk\/wp-content\/uploads\/2023\/06\/Naturogmennesker_steffani_soerensen_morningsurf_Surf_Spain-800x533.webp 800w, https:\/\/www.ranumefterskole.dk\/wp-content\/uploads\/2023\/06\/Naturogmennesker_steffani_soerensen_morningsurf_Surf_Spain.webp 1280w\" sizes=\"auto, (max-width: 1024px) 100vw, 1024px\" \/><\/figure>\n\n\n\n<p class=\"has-text-align-center\"><\/p>\n\n\n\n<p class=\"has-text-align-center\"><span style=\"font-size: 12pt;\"><strong>Den bedste video<\/strong><\/span><br>Den bedste video er blevet lavet af Tobias Morso, som ogs\u00e5 var med dykning i \u00c6gypten. Stort tillykke!<\/p>\n\n\n\n<p class=\"has-text-align-center\"><iframe loading=\"lazy\" src=\"https:\/\/www.youtube.com\/embed\/3EbDq_i2uf4\" allowfullscreen=\"allowfullscreen\" width=\"560\" height=\"315\" frameborder=\"0\"><\/iframe><\/p>\n\n\n\n<p class=\"has-text-align-center\"><strong><span style=\"font-size: 12pt;\">Den bedste artikel<\/span><\/strong><br><span style=\"font-size: 10pt;\">Den bedste artikel blev skrevet af Laura Vinstrup, som var p\u00e5 profilfagsrejse i Sverige med adventure. Stort tillykke! I sin artikel skrev Laura bl.a.: <br><\/span><\/p>\n\n\n\n<p class=\"has-text-align-center\"><em>&#8220;Vi var alle parate til en stille og rolig kanotur p\u00e5 S\u00f8nder \u00c5, troede vi. Det viste sig nemlig, at der var godt gang i \u00e5en og flere gange m\u00e5tte vi smide str\u00f8mper og sko, for at skubbe kanoerne fri fra sten. Det kr\u00e6vede enormt meget samarbejde og viljestyrke, at forts\u00e6tte, selvom vi var v\u00e5de og kolde. Sidst p\u00e5 aftenen n\u00e5ede vi s\u00e5 frem til det sted vi skulle overnatte, og v\u00e5de og udmattede m\u00e5tte vi s\u00e5 sl\u00e5 telt op og lave mad. Laks og pasta, mums. [&#8230;] Stjerner str\u00e5lede p\u00e5 himmelen, jeg sad omgivet af mine bedste venner og kiggede ind i bl\u00e5ets dansende flammer, og det var der jeg tror f\u00e6llesskabets b\u00e5nd var st\u00e6rkest&#8221;<\/em><\/p>\n\n\n\n<p class=\"has-text-align-center\"><span style=\"font-size: 12pt;\"><strong>Det bedste af det bedste<\/strong><\/span><br>Prisen &#8216;Det bedste af det bedste&#8217; g\u00e5r til den elev, som har lavet et produkt der toppede de fire kategorier. Vinderne i denne kategori blev Anika Bejer, som ogs\u00e5 var i Spanien med surf. Hun tog b\u00e5de tre billeder og lavede en video.<\/p>\n\n\n\n<figure class=\"wp-block-image size-full\"><img loading=\"lazy\" decoding=\"async\" width=\"700\" height=\"467\" src=\"https:\/\/www.ranumefterskole.dk\/wp-content\/uploads\/2023\/06\/Togetherness_Anika_Bejer_Somo_City.webp\" alt=\"\" class=\"wp-image-37764\" srcset=\"https:\/\/www.ranumefterskole.dk\/wp-content\/uploads\/2023\/06\/Togetherness_Anika_Bejer_Somo_City.webp 700w, https:\/\/www.ranumefterskole.dk\/wp-content\/uploads\/2023\/06\/Togetherness_Anika_Bejer_Somo_City-300x200.webp 300w, https:\/\/www.ranumefterskole.dk\/wp-content\/uploads\/2023\/06\/Togetherness_Anika_Bejer_Somo_City-18x12.webp 18w\" sizes=\"auto, (max-width: 700px) 100vw, 700px\" \/><\/figure>\n\n\n\n<p class=\"has-text-align-center\"><\/p>\n\n\n\n<figure class=\"wp-block-image size-full\"><img loading=\"lazy\" decoding=\"async\" width=\"700\" height=\"467\" src=\"https:\/\/www.ranumefterskole.dk\/wp-content\/uploads\/2023\/06\/Natur_og_Mennesker_Anika_Bejer_Surfer_Dog.webp\" alt=\"\" class=\"wp-image-37765\" srcset=\"https:\/\/www.ranumefterskole.dk\/wp-content\/uploads\/2023\/06\/Natur_og_Mennesker_Anika_Bejer_Surfer_Dog.webp 700w, https:\/\/www.ranumefterskole.dk\/wp-content\/uploads\/2023\/06\/Natur_og_Mennesker_Anika_Bejer_Surfer_Dog-300x200.webp 300w, https:\/\/www.ranumefterskole.dk\/wp-content\/uploads\/2023\/06\/Natur_og_Mennesker_Anika_Bejer_Surfer_Dog-18x12.webp 18w\" sizes=\"auto, (max-width: 700px) 100vw, 700px\" \/><\/figure>\n\n\n\n<p class=\"has-text-align-center\"><\/p>\n\n\n\n<figure class=\"wp-block-image size-full\"><img loading=\"lazy\" decoding=\"async\" width=\"700\" height=\"482\" src=\"https:\/\/www.ranumefterskole.dk\/wp-content\/uploads\/2023\/06\/Cultural_Meetings_Anika_Bejer_Surfs_Up.webp\" alt=\"\" class=\"wp-image-37766\" srcset=\"https:\/\/www.ranumefterskole.dk\/wp-content\/uploads\/2023\/06\/Cultural_Meetings_Anika_Bejer_Surfs_Up.webp 700w, https:\/\/www.ranumefterskole.dk\/wp-content\/uploads\/2023\/06\/Cultural_Meetings_Anika_Bejer_Surfs_Up-300x207.webp 300w, https:\/\/www.ranumefterskole.dk\/wp-content\/uploads\/2023\/06\/Cultural_Meetings_Anika_Bejer_Surfs_Up-18x12.webp 18w\" sizes=\"auto, (max-width: 700px) 100vw, 700px\" \/><\/figure>\n\n\n\n<p class=\"has-text-align-center\"><\/p>\n\n\n\n<p><iframe loading=\"lazy\" style=\"display: block; margin-left: auto; margin-right: auto;\" src=\"https:\/\/www.youtube.com\/embed\/FB14ncpdvZo\" allowfullscreen=\"allowfullscreen\" width=\"560\" height=\"315\" frameborder=\"0\"><\/iframe><\/p>\n\n\n\n<p><strong>Jul i Europa<\/strong> <br>Onsdag aften inviterede vores EVS&#8217;ere indenfor til en hyggelig aften, hvor vi kunne l\u00e6re dem, deres kultur og jul- og nyt\u00e5rstraditioner lidt bedre at kende. For hvad er EVS egentlig for en st\u00f8rrelse? EVS er en forkortelse for European Voluntary Service og i \u00e5r er vi s\u00e5 heldige at have fire frivillige her p\u00e5 Ranum. Natiia fra Rusland, Ma\u00e9va fra Frankrig, Olga fra Serbien og Alberto fra Galicien. Der dukkede en masse nysgerrige elever op til onsdagens EVS Aften, som startede med en kort pr\u00e6sentation af de fire frivillige. Herefter havde de arrangeret et par konkurrencer, hvor der selvf\u00f8lgelig var en lille gave til vinderen. Afslutningsvis blev der spiste l\u00e6kkert mad fra EVS&#8217;ernes hjemlande og hygget inden aftenen n\u00e5ede sin afslutning.<\/p>\n\n\n\n<p><iframe loading=\"lazy\" style=\"overflow: hidden; display: block; margin-left: auto; margin-right: auto;\" src=\"https:\/\/www.facebook.com\/plugins\/post.php?href=https%3A%2F%2Fwww.facebook.com%2Franumefterskole%2Fposts%2F2183919194976353&amp;width=500&amp;show_text=true&amp;height=862&amp;appId\" scrolling=\"no\" width=\"500\" height=\"862\" frameborder=\"0\"><\/iframe><\/p>\n\n\n\n<p><strong>Fra Kina til Danmark&nbsp;<br><\/strong>Det var ogs\u00e5 i denne uge, at vi kunne byde velkommen til tre g\u00e6stel\u00e6rer fra Kina; Miguel, Huang og Echo. I l\u00f8bet af de n\u00e6ste tre uger skal de f\u00f8lge med i undervisningen her p\u00e5 Ranum og l\u00e6re nogle af vores undervisningsmetoder. De bliver selvf\u00f8lgelig ogs\u00e5 en smule klogere p\u00e5 hvad det vil sige at g\u00e5 p\u00e5 en dansk og international efterskole i Danmark.&nbsp;<\/p>\n\n\n\n<figure class=\"wp-block-image size-full\"><img loading=\"lazy\" decoding=\"async\" width=\"700\" height=\"525\" src=\"https:\/\/www.ranumefterskole.dk\/wp-content\/uploads\/2023\/06\/DSC0300.webp\" alt=\"\" class=\"wp-image-37767\" srcset=\"https:\/\/www.ranumefterskole.dk\/wp-content\/uploads\/2023\/06\/DSC0300.webp 700w, https:\/\/www.ranumefterskole.dk\/wp-content\/uploads\/2023\/06\/DSC0300-300x225.webp 300w, https:\/\/www.ranumefterskole.dk\/wp-content\/uploads\/2023\/06\/DSC0300-16x12.webp 16w\" sizes=\"auto, (max-width: 700px) 100vw, 700px\" \/><\/figure>\n\n\n\n<p><strong>Bes\u00f8g fra julemandens v\u00e6rksted <br><\/strong>I ugens l\u00f8b har der v\u00e6ret fart over feltet i elevernes pauser, vi har nemlig gang i en julekalenderkonkurrence. Vi har bes\u00f8g af Julemandens Lille Hj\u00e6lper og gennem hele ugen har han v\u00e6ret p\u00e5 udflugt rundt omkring p\u00e5 skolen; han har v\u00e6ret forbi biologi, gastronomi, biografen og s\u00e5 har han ogs\u00e5 lige haft tid til at spille lidt Mario. Eleverne har haft fuld fokus p\u00e5 at finde vores Lille Hj\u00e6lper og det har alts\u00e5 ogs\u00e5 betydet har der ikke er g\u00e5et mange minutter f\u00f8r et par elever har banket p\u00e5 d\u00f8ren og f\u00e5et udleveret dagens kalendergave.<\/p>\n\n\n\n<p><iframe loading=\"lazy\" style=\"overflow: hidden; display: block; margin-left: auto; margin-right: auto;\" src=\"https:\/\/www.facebook.com\/plugins\/post.php?href=https%3A%2F%2Fwww.facebook.com%2Franumefterskole%2Fposts%2F2185070724861200&amp;width=500&amp;show_text=true&amp;height=823&amp;appId\" scrolling=\"no\" width=\"500\" height=\"823\" frameborder=\"0\"><\/iframe><\/p>\n\n\n\n<p><strong>St\u00f8tte til ny Maritim base i R\u00f8nbjerg<br><\/strong>Ranum Efterskole College har modtaget 966.000 kroner i st\u00f8tte fra Nordea-fondens kystpulje p\u00e5 50 mio. kr., der uddeles til projekter, som skaber aktivitet og styrker f\u00e6llesskabet langs landets kyster. St\u00f8tten skal bruges til en ny maritim base og grejbank R\u00f8nbjerg, der vil bidrage til at skabe mere aktivitet langs kysten fra Aggersund til Hvalpsund. Med nye brugervenlige udlejningsb\u00e5de og vandsportsudstyr som fx SUP boards og surfudstyr, h\u00e5ber vi at kunne tiltr\u00e6kke nye bes\u00f8gende til Limfjorden og samtidig bidrage til det lokale f\u00e6llesskab langs kysten. Vi har et stort \u00f8nske om at v\u00e6re en drivkraft i at styrke f\u00e6llesskabet i Himmerland og omkring de sm\u00e5 havne og kystn\u00e6re byer i omr\u00e5det. Vores kystprojekt skal v\u00e6re til gavn og r\u00e5dighed for alle, der har lyst til at pr\u00f8ve sejlads og vandsportsaktiviteter.<\/p>\n\n\n\n<p><strong>I weekenden <\/strong>smutter mange af eleverne af sted til elevfest, hvilket selvf\u00f8lgelig ogs\u00e5 kommer til at betyde at der bliver lidt mere stille end der plejer i denne weekend p\u00e5 Ranum.&nbsp;<\/p>\n\n\n\n<p><strong>I n\u00e6ste uge<\/strong>&nbsp;skal vi selvf\u00f8lgelig se vores smukke luciaoptog, men vi tager ogs\u00e5 hul p\u00e5 en periode fuld af terminspr\u00f8ver.&nbsp;<\/p>\n\n\n\n<p>Rigtig god weekend til alle!<\/p>\n\n\n\n<p><strong>De bedste <span style=\"color: #ff0000;\">julehilsner<\/span> fra alle os p\u00e5 <br><\/strong><strong>Ranum Efterskole College<\/strong><\/p>\n","protected":false},"excerpt":{"rendered":"<p>Dear readerWe started our December in the best possible way here at Ranum; in the company of families and visitors, we held this year's Christmas market, culture and family day on 1 December. On top of a weekend with full speed, we have had a quiet and calm week with...<\/p>","protected":false},"author":9,"featured_media":37765,"comment_status":"closed","ping_status":"closed","sticky":false,"template":"","format":"standard","meta":{"wds_primary_category":30,"footnotes":""},"categories":[30],"tags":[],"class_list":["post-3688","post","type-post","status-publish","format-standard","has-post-thumbnail","hentry","category-ranum-news"],"_links":{"self":[{"href":"https:\/\/www.ranumefterskole.dk\/en\/wp-json\/wp\/v2\/posts\/3688","targetHints":{"allow":["GET"]}}],"collection":[{"href":"https:\/\/www.ranumefterskole.dk\/en\/wp-json\/wp\/v2\/posts"}],"about":[{"href":"https:\/\/www.ranumefterskole.dk\/en\/wp-json\/wp\/v2\/types\/post"}],"author":[{"embeddable":true,"href":"https:\/\/www.ranumefterskole.dk\/en\/wp-json\/wp\/v2\/users\/9"}],"replies":[{"embeddable":true,"href":"https:\/\/www.ranumefterskole.dk\/en\/wp-json\/wp\/v2\/comments?post=3688"}],"version-history":[{"count":1,"href":"https:\/\/www.ranumefterskole.dk\/en\/wp-json\/wp\/v2\/posts\/3688\/revisions"}],"predecessor-version":[{"id":37768,"href":"https:\/\/www.ranumefterskole.dk\/en\/wp-json\/wp\/v2\/posts\/3688\/revisions\/37768"}],"wp:featuredmedia":[{"embeddable":true,"href":"https:\/\/www.ranumefterskole.dk\/en\/wp-json\/wp\/v2\/media\/37765"}],"wp:attachment":[{"href":"https:\/\/www.ranumefterskole.dk\/en\/wp-json\/wp\/v2\/media?parent=3688"}],"wp:term":[{"taxonomy":"category","embeddable":true,"href":"https:\/\/www.ranumefterskole.dk\/en\/wp-json\/wp\/v2\/categories?post=3688"},{"taxonomy":"post_tag","embeddable":true,"href":"https:\/\/www.ranumefterskole.dk\/en\/wp-json\/wp\/v2\/tags?post=3688"}],"curies":[{"name":"wp","href":"https:\/\/api.w.org\/{rel}","templated":true}]}}